{"id":11906,"date":"2020-09-08T19:00:57","date_gmt":"2020-09-08T17:00:57","guid":{"rendered":"http:\/\/www.ffhennersdorf.at\/WordPress\/?p=11906"},"modified":"2020-09-23T00:24:39","modified_gmt":"2020-09-22T22:24:39","slug":"ausserordentlich_mitgliederversammlung","status":"publish","type":"post","link":"http:\/\/www.ffhennersdorf.at\/WordPress\/2020\/09\/08\/ausserordentlich_mitgliederversammlung\/","title":{"rendered":"Au\u00dferordentliche Mitgliederversammlung"},"content":{"rendered":"<p>Am 8. September 2020 hielt die FF Hennersdorf im 9er Haus eine au\u00dferordentliche Mitgliederversammlung ab. Als Ehreng\u00e4ste konnte Kommandant BR Dr. Christian K. Fastl Pfarrer FKUR Mag. Edward Keska, B\u00fcrgermeister EV Ing. Ferdinand Hausenberger, Bezirksfeuerwehrkommandant-Stellvertreter BR Christian Giwiser und Abschnittsfeuerwehrkommandant BR G\u00fcnter Stift begr\u00fc\u00dfen.<br \/>\nIm Rahmen der Mitgliederversammlung wurden die beiden neu anzuschaffenden Feuerwehrfahrzeuge in Bild und Wort vorgestellt und die entsprechenden Finanzierungsbeschl\u00fcsse gefasst, die die Grundlage f\u00fcr eine entsprechende Behandlung der Thematik in den Gremien der Gemeinde bilden.<\/p>\n<p>Weiters erinnerte man sich an die Gr\u00fcndung der FF Hennersdorf vor 140 Jahren \u2013 die geplante Jubil\u00e4umsfeier im Mai 2020 musste COVID-19-bedingt leider ausfallen \u2013 und nutzte die Gelegenheit auch dazu, Bef\u00f6rderungen auszusprechen sowie Auszeichnungen der Gemeinde Hennersdorf, des Nieder\u00f6sterreichischen Landesfeuerwehrverbandes (N\u00d6LFV), des \u00d6sterreichischen Bundesfeuerwehrverbandes (\u00d6BFV) und des \u00d6sterreichischen Roten Kreuzes (\u00d6RK) zu verleihen. Erstmals gelangte hierbei das anl\u00e4sslich des heurigen Feuerwehr-Jubil\u00e4ums neu gestiftete Feuerwehr-Ehrenzeichen der Gemeinde Hennersdorf zu Verleihung.<\/p>\n<p><strong>Angelobung<\/strong><br \/>\nPFM Bertan \u00d6zcan<\/p>\n<p><strong>Bef\u00f6rderung zum \u201eSachbearbeiter\u201c<\/strong><br \/>\nFM David Botizatu<\/p>\n<p><strong>Man of the Year 2019<\/strong><br \/>\n1. Platz: LM Eduard Hausenberger mit 130 T\u00e4tigkeiten<br \/>\n2. Platz: FM Robert Matzner mit 121 T\u00e4tigkeiten<br \/>\n3. Platz: SB Thomas Schrank &amp; FM DI (FH) Robert Srb mit je 106 T\u00e4tigkeiten<\/p>\n<p><strong>Feuerwehr-Verdienstmedaille in Bronze f\u00fcr 10 Jahre Feuerwehrdienst<\/strong><br \/>\nFM Jasmin Barasics<br \/>\nFM David Botizatu<br \/>\nFM Gerald Schnepf<\/p>\n<p><strong>Feuerwehr-Verdienstmedaille in Gold f\u00fcr 30 Jahre Feuerwehrdienst<\/strong><br \/>\nBR Dr. Christian K. Fastl<\/p>\n<p><strong>Feuerwehr-Ehrenzeichen 3. Stufe in Bronze<\/strong><br \/>\nOBM Clemens Oberdorfer<br \/>\nBM Paul Reiter<br \/>\nFT Ing. Stefan Varga<\/p>\n<p><strong>Feuerwehr-Ehrenzeichen 1. Stufe in Gold<\/strong><br \/>\nLM Eduard Hausenberger<\/p>\n<p><strong>Verdienstmedaille des N\u00d6LFV 3. Klasse in Bronze<\/strong><br \/>\nEOBI DI Karl Brezovits<\/p>\n<p><strong>Verdienstmedaille des N\u00d6LFV 2. Klasse in Silber<\/strong><br \/>\nEBI Johannes Wiesmayer<\/p>\n<p><strong>Verdienstzeichen des N\u00d6LFV 3. Klasse in Bronze<\/strong><br \/>\nSB Thomas Schrank<br \/>\nLM DI Klaus Steininger<\/p>\n<p><strong>Verdienstzeichen des \u00d6BFV 3. Stufe in Bronze<\/strong><br \/>\nEBI Erich Heindl<\/p>\n<p><strong>Verdienstmedaille des \u00d6RK in Bronze f\u00fcr besondere Verdienste um das Blutspendewesen<\/strong><br \/>\nLM Johannes Toyfl<\/p>\n<p>&nbsp;<\/p>\n<div data-carousel-extra='{\"blog_id\":1,\"permalink\":\"http:\\\/\\\/www.ffhennersdorf.at\\\/WordPress\\\/2020\\\/09\\\/08\\\/ausserordentlich_mitgliederversammlung\\\/\"}' class=\"tiled-gallery type-rectangular\" data-original-width=\"780\"><div class=\"gallery-row\" style=\"width: 775px; height: 361px;\"><div class=\"gallery-group images-1\" style=\"width: 545px; height: 365px;\"><div class=\"tiled-gallery-item tiled-gallery-item-large\"><a href=\"http:\/\/www.ffhennersdorf.at\/WordPress\/2020\/09\/08\/ausserordentlich_mitgliederversammlung\/20200908_01\/#main\"><img loading=\"lazy\" decoding=\"async\" data-attachment-id=\"11908\" data-orig-file=\"http:\/\/www.ffhennersdorf.at\/WordPress\/wp-content\/uploads\/2020\/09\/20200908_01.jpg\" data-orig-size=\"6000,4000\" data-comments-opened=\"1\" data-image-meta=\"{&quot;aperture&quot;:&quot;1.4&quot;,&quot;credit&quot;:&quot;&quot;,&quot;camera&quot;:&quot;ILCE-7M3&quot;,&quot;caption&quot;:&quot;&quot;,&quot;created_timestamp&quot;:&quot;1599592060&quot;,&quot;copyright&quot;:&quot;&quot;,&quot;focal_length&quot;:&quot;35&quot;,&quot;iso&quot;:&quot;12800&quot;,&quot;shutter_speed&quot;:&quot;0.001&quot;,&quot;title&quot;:&quot;&quot;,&quot;orientation&quot;:&quot;1&quot;}\" data-image-title=\"20200908_(01)\" data-image-description=\"\" data-medium-file=\"http:\/\/www.ffhennersdorf.at\/WordPress\/wp-content\/uploads\/2020\/09\/20200908_01-300x200.jpg\" data-large-file=\"http:\/\/www.ffhennersdorf.at\/WordPress\/wp-content\/uploads\/2020\/09\/20200908_01-1024x683.jpg\" src=\"http:\/\/www.ffhennersdorf.at\/WordPress\/wp-content\/uploads\/2020\/09\/20200908_01-541x361.jpg\" width=\"541\" height=\"361\" align=\"left\" title=\"20200908_(01)\" \/><\/a><\/div><\/div><div class=\"gallery-group images-2\" style=\"width: 230px; height: 365px;\"><div class=\"tiled-gallery-item tiled-gallery-item-small\"><a href=\"http:\/\/www.ffhennersdorf.at\/WordPress\/2020\/09\/08\/ausserordentlich_mitgliederversammlung\/20200908_2\/#main\"><img loading=\"lazy\" decoding=\"async\" data-attachment-id=\"11909\" data-orig-file=\"http:\/\/www.ffhennersdorf.at\/WordPress\/wp-content\/uploads\/2020\/09\/20200908_2.jpg\" data-orig-size=\"3840,3505\" data-comments-opened=\"1\" data-image-meta=\"{&quot;aperture&quot;:&quot;1.4&quot;,&quot;credit&quot;:&quot;&quot;,&quot;camera&quot;:&quot;ILCE-7M3&quot;,&quot;caption&quot;:&quot;&quot;,&quot;created_timestamp&quot;:&quot;1599592053&quot;,&quot;copyright&quot;:&quot;&quot;,&quot;focal_length&quot;:&quot;35&quot;,&quot;iso&quot;:&quot;3200&quot;,&quot;shutter_speed&quot;:&quot;0.001&quot;,&quot;title&quot;:&quot;&quot;,&quot;orientation&quot;:&quot;1&quot;}\" data-image-title=\"20200908_(2)\" data-image-description=\"\" data-medium-file=\"http:\/\/www.ffhennersdorf.at\/WordPress\/wp-content\/uploads\/2020\/09\/20200908_2-300x274.jpg\" data-large-file=\"http:\/\/www.ffhennersdorf.at\/WordPress\/wp-content\/uploads\/2020\/09\/20200908_2-1024x935.jpg\" src=\"http:\/\/www.ffhennersdorf.at\/WordPress\/wp-content\/uploads\/2020\/09\/20200908_2-226x206.jpg\" width=\"226\" height=\"206\" align=\"left\" title=\"20200908_(2)\" \/><\/a><\/div><div class=\"tiled-gallery-item tiled-gallery-item-small\"><a href=\"http:\/\/www.ffhennersdorf.at\/WordPress\/2020\/09\/08\/ausserordentlich_mitgliederversammlung\/20200908_3\/#main\"><img loading=\"lazy\" decoding=\"async\" data-attachment-id=\"11910\" data-orig-file=\"http:\/\/www.ffhennersdorf.at\/WordPress\/wp-content\/uploads\/2020\/09\/20200908_3.jpg\" data-orig-size=\"6000,4000\" data-comments-opened=\"1\" data-image-meta=\"{&quot;aperture&quot;:&quot;1.4&quot;,&quot;credit&quot;:&quot;&quot;,&quot;camera&quot;:&quot;ILCE-7M3&quot;,&quot;caption&quot;:&quot;&quot;,&quot;created_timestamp&quot;:&quot;1599594463&quot;,&quot;copyright&quot;:&quot;&quot;,&quot;focal_length&quot;:&quot;35&quot;,&quot;iso&quot;:&quot;5000&quot;,&quot;shutter_speed&quot;:&quot;0.001&quot;,&quot;title&quot;:&quot;&quot;,&quot;orientation&quot;:&quot;1&quot;}\" data-image-title=\"20200908_(3)\" data-image-description=\"\" data-medium-file=\"http:\/\/www.ffhennersdorf.at\/WordPress\/wp-content\/uploads\/2020\/09\/20200908_3-300x200.jpg\" data-large-file=\"http:\/\/www.ffhennersdorf.at\/WordPress\/wp-content\/uploads\/2020\/09\/20200908_3-1024x683.jpg\" src=\"http:\/\/www.ffhennersdorf.at\/WordPress\/wp-content\/uploads\/2020\/09\/20200908_3-226x151.jpg\" width=\"226\" height=\"151\" align=\"left\" title=\"20200908_(3)\" \/><\/a><\/div><\/div><\/div><div class=\"gallery-row\" style=\"width: 775px; height: 367px;\"><div class=\"gallery-group images-1\" style=\"width: 491px; height: 371px;\"><div class=\"tiled-gallery-item tiled-gallery-item-large\"><a href=\"http:\/\/www.ffhennersdorf.at\/WordPress\/2020\/09\/08\/ausserordentlich_mitgliederversammlung\/20200908_4\/#main\"><img loading=\"lazy\" decoding=\"async\" data-attachment-id=\"11911\" data-orig-file=\"http:\/\/www.ffhennersdorf.at\/WordPress\/wp-content\/uploads\/2020\/09\/20200908_4.jpg\" data-orig-size=\"5198,3918\" data-comments-opened=\"1\" data-image-meta=\"{&quot;aperture&quot;:&quot;1.4&quot;,&quot;credit&quot;:&quot;&quot;,&quot;camera&quot;:&quot;ILCE-7M3&quot;,&quot;caption&quot;:&quot;&quot;,&quot;created_timestamp&quot;:&quot;1599595727&quot;,&quot;copyright&quot;:&quot;&quot;,&quot;focal_length&quot;:&quot;35&quot;,&quot;iso&quot;:&quot;4000&quot;,&quot;shutter_speed&quot;:&quot;0.001&quot;,&quot;title&quot;:&quot;&quot;,&quot;orientation&quot;:&quot;1&quot;}\" data-image-title=\"20200908_(4)\" data-image-description=\"\" data-medium-file=\"http:\/\/www.ffhennersdorf.at\/WordPress\/wp-content\/uploads\/2020\/09\/20200908_4-300x226.jpg\" data-large-file=\"http:\/\/www.ffhennersdorf.at\/WordPress\/wp-content\/uploads\/2020\/09\/20200908_4-1024x772.jpg\" src=\"http:\/\/www.ffhennersdorf.at\/WordPress\/wp-content\/uploads\/2020\/09\/20200908_4-487x367.jpg\" width=\"487\" height=\"367\" align=\"left\" title=\"20200908_(4)\" \/><\/a><\/div><\/div><div class=\"gallery-group images-1\" style=\"width: 284px; height: 371px;\"><div class=\"tiled-gallery-item tiled-gallery-item-large\"><a href=\"http:\/\/www.ffhennersdorf.at\/WordPress\/2020\/09\/08\/ausserordentlich_mitgliederversammlung\/20200908_5\/#main\"><img loading=\"lazy\" decoding=\"async\" data-attachment-id=\"11912\" data-orig-file=\"http:\/\/www.ffhennersdorf.at\/WordPress\/wp-content\/uploads\/2020\/09\/20200908_5.jpg\" data-orig-size=\"1983,2596\" data-comments-opened=\"1\" data-image-meta=\"{&quot;aperture&quot;:&quot;1.4&quot;,&quot;credit&quot;:&quot;&quot;,&quot;camera&quot;:&quot;ILCE-7M3&quot;,&quot;caption&quot;:&quot;&quot;,&quot;created_timestamp&quot;:&quot;1599594744&quot;,&quot;copyright&quot;:&quot;&quot;,&quot;focal_length&quot;:&quot;35&quot;,&quot;iso&quot;:&quot;4000&quot;,&quot;shutter_speed&quot;:&quot;0.001&quot;,&quot;title&quot;:&quot;&quot;,&quot;orientation&quot;:&quot;1&quot;}\" data-image-title=\"20200908_(5)\" data-image-description=\"\" data-medium-file=\"http:\/\/www.ffhennersdorf.at\/WordPress\/wp-content\/uploads\/2020\/09\/20200908_5-229x300.jpg\" data-large-file=\"http:\/\/www.ffhennersdorf.at\/WordPress\/wp-content\/uploads\/2020\/09\/20200908_5-782x1024.jpg\" src=\"http:\/\/www.ffhennersdorf.at\/WordPress\/wp-content\/uploads\/2020\/09\/20200908_5-280x367.jpg\" width=\"280\" height=\"367\" align=\"left\" title=\"20200908_(5)\" \/><\/a><\/div><\/div><\/div><\/div>\n","protected":false},"excerpt":{"rendered":"<p>Am 8. September 2020 hielt die FF Hennersdorf im 9er Haus eine au\u00dferordentliche Mitgliederversammlung ab. Als Ehreng\u00e4ste konnte Kommandant BR Dr. Christian K. Fastl Pfarrer FKUR Mag. Edward Keska, B\u00fcrgermeister <a class=\"more-link\" href=\"http:\/\/www.ffhennersdorf.at\/WordPress\/2020\/09\/08\/ausserordentlich_mitgliederversammlung\/\">Weiterlesen&#8230;<\/a><\/p>\n","protected":false},"author":4,"featured_media":11911,"comment_status":"open","ping_status":"open","sticky":false,"template":"","format":"standard","meta":{"sfsi_plus_gutenberg_text_before_share":"","sfsi_plus_gutenberg_show_text_before_share":"","sfsi_plus_gutenberg_icon_type":"","sfsi_plus_gutenberg_icon_alignemt":"","sfsi_plus_gutenburg_max_per_row":"","footnotes":""},"categories":[125],"tags":[],"amp_enabled":true,"_links":{"self":[{"href":"http:\/\/www.ffhennersdorf.at\/WordPress\/wp-json\/wp\/v2\/posts\/11906"}],"collection":[{"href":"http:\/\/www.ffhennersdorf.at\/WordPress\/wp-json\/wp\/v2\/posts"}],"about":[{"href":"http:\/\/www.ffhennersdorf.at\/WordPress\/wp-json\/wp\/v2\/types\/post"}],"author":[{"embeddable":true,"href":"http:\/\/www.ffhennersdorf.at\/WordPress\/wp-json\/wp\/v2\/users\/4"}],"replies":[{"embeddable":true,"href":"http:\/\/www.ffhennersdorf.at\/WordPress\/wp-json\/wp\/v2\/comments?post=11906"}],"version-history":[{"count":3,"href":"http:\/\/www.ffhennersdorf.at\/WordPress\/wp-json\/wp\/v2\/posts\/11906\/revisions"}],"predecessor-version":[{"id":11914,"href":"http:\/\/www.ffhennersdorf.at\/WordPress\/wp-json\/wp\/v2\/posts\/11906\/revisions\/11914"}],"wp:featuredmedia":[{"embeddable":true,"href":"http:\/\/www.ffhennersdorf.at\/WordPress\/wp-json\/wp\/v2\/media\/11911"}],"wp:attachment":[{"href":"http:\/\/www.ffhennersdorf.at\/WordPress\/wp-json\/wp\/v2\/media?parent=11906"}],"wp:term":[{"taxonomy":"category","embeddable":true,"href":"http:\/\/www.ffhennersdorf.at\/WordPress\/wp-json\/wp\/v2\/categories?post=11906"},{"taxonomy":"post_tag","embeddable":true,"href":"http:\/\/www.ffhennersdorf.at\/WordPress\/wp-json\/wp\/v2\/tags?post=11906"}],"curies":[{"name":"wp","href":"https:\/\/api.w.org\/{rel}","templated":true}]}}