{"id":11916,"date":"2020-10-06T20:00:39","date_gmt":"2020-10-06T18:00:39","guid":{"rendered":"http:\/\/www.ffhennersdorf.at\/WordPress\/?p=11916"},"modified":"2020-10-09T15:22:55","modified_gmt":"2020-10-09T13:22:55","slug":"neuwahlkommandantstellvertreter","status":"publish","type":"post","link":"http:\/\/www.ffhennersdorf.at\/WordPress\/2020\/10\/06\/neuwahlkommandantstellvertreter\/","title":{"rendered":"Neuwahl Kommandant Stellvertreter"},"content":{"rendered":"<p>Nachdem die Funktion des Kommandant-Stellvertreters aufgrund des R\u00fccktritts der bisherigen Inhaberin vakant geworden war, musste die Freiwillige Feuerwehr Hennersdorf eine Neuwahl durchf\u00fchren, die am 6. Oktober 2020 stattfand.<\/p>\n<p>Unter Einhaltung der aktuell geltenden COVID-19-Ma\u00dfnahmen und der Empfehlungen des N\u00d6 Landesfeuerwehrkommandos konnten B\u00fcrgermeister EV Ing. Ferdinand Hausenberger und Kommandant BR Dr. Christian K. Fastl auch einige Funktion\u00e4re aus dem Bezirk und FKUR Mag. Edward Keska begr\u00fc\u00dfen.<\/p>\n<p>F\u00fcr die Wahl gab es einen Wahlvorschlag, lautend auf BM Paul Reiter. Knapp 95% der Stimmen der anwesenden Mitglieder entfielen auf diesen Vorschlag. Nach der Angelobung durch den B\u00fcrgermeister und den ersten Gratulationen richtete der neu gew\u00e4hlte Kommandant-Stellvertreter seine ersten Worte an die Mannschaft:<\/p>\n<p style=\"text-align: center;\">\n<strong><em>\u201eIch m\u00f6chte mich bei der gesamten Mannschaft f\u00fcr den au\u00dferordentlichen Vertrauensvorsprung bedanken. Ich habe die gelebte Kameradschaft in unserer Feuerwehr immer sehr gesch\u00e4tzt, freue mich in Zukunft das Kommando unserer Feuerwehr zu unterst\u00fctzen und werde mit dem mir entgegengebrachten Vertrauen sorgf\u00e4ltig umgehen.\u201c<\/em><\/strong><\/p>\n<p>&nbsp;<\/p>\n<p>Im Anschluss nutzten Gemeinde, Feuerwehr und das Abschnittsfeuerwehrkommando die Wahlversammlung, um Ehrungen und Ernennungen durchzuf\u00fchren.<\/p>\n<p><strong>Feuerwehr-Ehrenzeichen der Gemeinde Hennersdorf:<\/strong><br \/>\n3. Stufe Bronze: OFM Magdalena Toyfl BA<br \/>\n2. Stufe Silber: LM Peter Schrank<\/p>\n<p><strong>\u00d6sterreichisches Rotes Kreuz:<\/strong><br \/>\nGlasplakette f\u00fcr 175 Blutspenden: LM Erich V\u00f6lkl<\/p>\n<p><strong>Bef\u00f6rderung zur Sachbearbeiterin:<\/strong><br \/>\nFM Jasmin Barasics<\/p>\n<p><strong>Ernennung zum Abschnittssachbearbeiter \u00d6ffentlichkeitsarbeit und Dokumentation im Abschnitt M\u00f6dling-Industriezone:<\/strong><br \/>\nSB Matthias Stur BSc. Hons.<\/p>\n<p>&nbsp;<\/p>\n<div data-carousel-extra='{\"blog_id\":1,\"permalink\":\"http:\\\/\\\/www.ffhennersdorf.at\\\/WordPress\\\/2020\\\/10\\\/06\\\/neuwahlkommandantstellvertreter\\\/\"}' class=\"tiled-gallery type-rectangular\" data-original-width=\"780\"><div class=\"gallery-row\" style=\"width: 775px; height: 342px;\"><div class=\"gallery-group images-1\" style=\"width: 517px; height: 346px;\"><div class=\"tiled-gallery-item tiled-gallery-item-large\"><a href=\"http:\/\/www.ffhennersdorf.at\/WordPress\/2020\/10\/06\/neuwahlkommandantstellvertreter\/202010_kdtstv_01\/#main\"><img loading=\"lazy\" decoding=\"async\" data-attachment-id=\"11917\" data-orig-file=\"http:\/\/www.ffhennersdorf.at\/WordPress\/wp-content\/uploads\/2020\/10\/202010_kdtstv_01.jpg\" data-orig-size=\"6000,4000\" data-comments-opened=\"1\" data-image-meta=\"{&quot;aperture&quot;:&quot;3.5&quot;,&quot;credit&quot;:&quot;&quot;,&quot;camera&quot;:&quot;ILCE-7M3&quot;,&quot;caption&quot;:&quot;&quot;,&quot;created_timestamp&quot;:&quot;1602016269&quot;,&quot;copyright&quot;:&quot;&quot;,&quot;focal_length&quot;:&quot;28&quot;,&quot;iso&quot;:&quot;6400&quot;,&quot;shutter_speed&quot;:&quot;0.008&quot;,&quot;title&quot;:&quot;&quot;,&quot;orientation&quot;:&quot;1&quot;}\" data-image-title=\"202010_kdtstv_(01)\" data-image-description=\"\" data-medium-file=\"http:\/\/www.ffhennersdorf.at\/WordPress\/wp-content\/uploads\/2020\/10\/202010_kdtstv_01-300x200.jpg\" data-large-file=\"http:\/\/www.ffhennersdorf.at\/WordPress\/wp-content\/uploads\/2020\/10\/202010_kdtstv_01-1024x683.jpg\" src=\"http:\/\/www.ffhennersdorf.at\/WordPress\/wp-content\/uploads\/2020\/10\/202010_kdtstv_01-513x342.jpg\" width=\"513\" height=\"342\" align=\"left\" title=\"202010_kdtstv_(01)\" \/><\/a><\/div><\/div><div class=\"gallery-group images-2\" style=\"width: 258px; height: 346px;\"><div class=\"tiled-gallery-item tiled-gallery-item-large\"><a href=\"http:\/\/www.ffhennersdorf.at\/WordPress\/2020\/10\/06\/neuwahlkommandantstellvertreter\/202010_kdtstv_2\/#main\"><img loading=\"lazy\" decoding=\"async\" data-attachment-id=\"11918\" data-orig-file=\"http:\/\/www.ffhennersdorf.at\/WordPress\/wp-content\/uploads\/2020\/10\/202010_kdtstv_2.jpg\" data-orig-size=\"6000,4000\" data-comments-opened=\"1\" data-image-meta=\"{&quot;aperture&quot;:&quot;6.3&quot;,&quot;credit&quot;:&quot;&quot;,&quot;camera&quot;:&quot;ILCE-7M3&quot;,&quot;caption&quot;:&quot;&quot;,&quot;created_timestamp&quot;:&quot;1602017130&quot;,&quot;copyright&quot;:&quot;&quot;,&quot;focal_length&quot;:&quot;28&quot;,&quot;iso&quot;:&quot;6400&quot;,&quot;shutter_speed&quot;:&quot;0.033333333333333&quot;,&quot;title&quot;:&quot;&quot;,&quot;orientation&quot;:&quot;1&quot;}\" data-image-title=\"202010_kdtstv_(2)\" data-image-description=\"\" data-medium-file=\"http:\/\/www.ffhennersdorf.at\/WordPress\/wp-content\/uploads\/2020\/10\/202010_kdtstv_2-300x200.jpg\" data-large-file=\"http:\/\/www.ffhennersdorf.at\/WordPress\/wp-content\/uploads\/2020\/10\/202010_kdtstv_2-1024x683.jpg\" src=\"http:\/\/www.ffhennersdorf.at\/WordPress\/wp-content\/uploads\/2020\/10\/202010_kdtstv_2-254x169.jpg\" width=\"254\" height=\"169\" align=\"left\" title=\"202010_kdtstv_(2)\" \/><\/a><\/div><div class=\"tiled-gallery-item tiled-gallery-item-large\"><a href=\"http:\/\/www.ffhennersdorf.at\/WordPress\/2020\/10\/06\/neuwahlkommandantstellvertreter\/202010_kdtstv_3\/#main\"><img loading=\"lazy\" decoding=\"async\" data-attachment-id=\"11919\" data-orig-file=\"http:\/\/www.ffhennersdorf.at\/WordPress\/wp-content\/uploads\/2020\/10\/202010_kdtstv_3.jpg\" data-orig-size=\"6000,4000\" data-comments-opened=\"1\" data-image-meta=\"{&quot;aperture&quot;:&quot;4.5&quot;,&quot;credit&quot;:&quot;&quot;,&quot;camera&quot;:&quot;ILCE-7M3&quot;,&quot;caption&quot;:&quot;&quot;,&quot;created_timestamp&quot;:&quot;1602015022&quot;,&quot;copyright&quot;:&quot;&quot;,&quot;focal_length&quot;:&quot;41&quot;,&quot;iso&quot;:&quot;6400&quot;,&quot;shutter_speed&quot;:&quot;0.00625&quot;,&quot;title&quot;:&quot;&quot;,&quot;orientation&quot;:&quot;1&quot;}\" data-image-title=\"202010_kdtstv_(3)\" data-image-description=\"\" data-medium-file=\"http:\/\/www.ffhennersdorf.at\/WordPress\/wp-content\/uploads\/2020\/10\/202010_kdtstv_3-300x200.jpg\" data-large-file=\"http:\/\/www.ffhennersdorf.at\/WordPress\/wp-content\/uploads\/2020\/10\/202010_kdtstv_3-1024x683.jpg\" src=\"http:\/\/www.ffhennersdorf.at\/WordPress\/wp-content\/uploads\/2020\/10\/202010_kdtstv_3-254x169.jpg\" width=\"254\" height=\"169\" align=\"left\" title=\"202010_kdtstv_(3)\" \/><\/a><\/div><\/div><\/div><div class=\"gallery-row\" style=\"width: 775px; height: 170px;\"><div class=\"gallery-group images-1\" style=\"width: 259px; height: 174px;\"><div class=\"tiled-gallery-item tiled-gallery-item-large\"><a href=\"http:\/\/www.ffhennersdorf.at\/WordPress\/2020\/10\/06\/neuwahlkommandantstellvertreter\/202010_kdtstv_4\/#main\"><img loading=\"lazy\" decoding=\"async\" data-attachment-id=\"11920\" data-orig-file=\"http:\/\/www.ffhennersdorf.at\/WordPress\/wp-content\/uploads\/2020\/10\/202010_kdtstv_4.jpg\" data-orig-size=\"6000,4000\" data-comments-opened=\"1\" data-image-meta=\"{&quot;aperture&quot;:&quot;3.5&quot;,&quot;credit&quot;:&quot;&quot;,&quot;camera&quot;:&quot;ILCE-7M3&quot;,&quot;caption&quot;:&quot;&quot;,&quot;created_timestamp&quot;:&quot;1602015059&quot;,&quot;copyright&quot;:&quot;&quot;,&quot;focal_length&quot;:&quot;30&quot;,&quot;iso&quot;:&quot;6400&quot;,&quot;shutter_speed&quot;:&quot;0.005&quot;,&quot;title&quot;:&quot;&quot;,&quot;orientation&quot;:&quot;1&quot;}\" data-image-title=\"202010_kdtstv_(4)\" data-image-description=\"\" data-medium-file=\"http:\/\/www.ffhennersdorf.at\/WordPress\/wp-content\/uploads\/2020\/10\/202010_kdtstv_4-300x200.jpg\" data-large-file=\"http:\/\/www.ffhennersdorf.at\/WordPress\/wp-content\/uploads\/2020\/10\/202010_kdtstv_4-1024x683.jpg\" src=\"http:\/\/www.ffhennersdorf.at\/WordPress\/wp-content\/uploads\/2020\/10\/202010_kdtstv_4-255x170.jpg\" width=\"255\" height=\"170\" align=\"left\" title=\"202010_kdtstv_(4)\" \/><\/a><\/div><\/div><div class=\"gallery-group images-1\" style=\"width: 258px; height: 174px;\"><div class=\"tiled-gallery-item tiled-gallery-item-large\"><a href=\"http:\/\/www.ffhennersdorf.at\/WordPress\/2020\/10\/06\/neuwahlkommandantstellvertreter\/202010_kdtstv_5\/#main\"><img loading=\"lazy\" decoding=\"async\" data-attachment-id=\"11921\" data-orig-file=\"http:\/\/www.ffhennersdorf.at\/WordPress\/wp-content\/uploads\/2020\/10\/202010_kdtstv_5.jpg\" data-orig-size=\"6000,4000\" data-comments-opened=\"1\" data-image-meta=\"{&quot;aperture&quot;:&quot;4&quot;,&quot;credit&quot;:&quot;&quot;,&quot;camera&quot;:&quot;ILCE-7M3&quot;,&quot;caption&quot;:&quot;&quot;,&quot;created_timestamp&quot;:&quot;1602015464&quot;,&quot;copyright&quot;:&quot;&quot;,&quot;focal_length&quot;:&quot;34&quot;,&quot;iso&quot;:&quot;6400&quot;,&quot;shutter_speed&quot;:&quot;0.016666666666667&quot;,&quot;title&quot;:&quot;&quot;,&quot;orientation&quot;:&quot;1&quot;}\" data-image-title=\"202010_kdtstv_(5)\" data-image-description=\"\" data-medium-file=\"http:\/\/www.ffhennersdorf.at\/WordPress\/wp-content\/uploads\/2020\/10\/202010_kdtstv_5-300x200.jpg\" data-large-file=\"http:\/\/www.ffhennersdorf.at\/WordPress\/wp-content\/uploads\/2020\/10\/202010_kdtstv_5-1024x683.jpg\" src=\"http:\/\/www.ffhennersdorf.at\/WordPress\/wp-content\/uploads\/2020\/10\/202010_kdtstv_5-254x170.jpg\" width=\"254\" height=\"170\" align=\"left\" title=\"202010_kdtstv_(5)\" \/><\/a><\/div><\/div><div class=\"gallery-group images-1\" style=\"width: 258px; height: 174px;\"><div class=\"tiled-gallery-item tiled-gallery-item-large\"><a href=\"http:\/\/www.ffhennersdorf.at\/WordPress\/2020\/10\/06\/neuwahlkommandantstellvertreter\/202010_kdtstv_7\/#main\"><img loading=\"lazy\" decoding=\"async\" data-attachment-id=\"11922\" data-orig-file=\"http:\/\/www.ffhennersdorf.at\/WordPress\/wp-content\/uploads\/2020\/10\/202010_kdtstv_7.jpg\" data-orig-size=\"6000,4000\" data-comments-opened=\"1\" data-image-meta=\"{&quot;aperture&quot;:&quot;4&quot;,&quot;credit&quot;:&quot;&quot;,&quot;camera&quot;:&quot;ILCE-7M3&quot;,&quot;caption&quot;:&quot;&quot;,&quot;created_timestamp&quot;:&quot;1602015772&quot;,&quot;copyright&quot;:&quot;&quot;,&quot;focal_length&quot;:&quot;37&quot;,&quot;iso&quot;:&quot;6400&quot;,&quot;shutter_speed&quot;:&quot;0.0125&quot;,&quot;title&quot;:&quot;&quot;,&quot;orientation&quot;:&quot;1&quot;}\" data-image-title=\"202010_kdtstv_(7)\" data-image-description=\"\" data-medium-file=\"http:\/\/www.ffhennersdorf.at\/WordPress\/wp-content\/uploads\/2020\/10\/202010_kdtstv_7-300x200.jpg\" data-large-file=\"http:\/\/www.ffhennersdorf.at\/WordPress\/wp-content\/uploads\/2020\/10\/202010_kdtstv_7-1024x683.jpg\" src=\"http:\/\/www.ffhennersdorf.at\/WordPress\/wp-content\/uploads\/2020\/10\/202010_kdtstv_7-254x170.jpg\" width=\"254\" height=\"170\" align=\"left\" title=\"202010_kdtstv_(7)\" \/><\/a><\/div><\/div><\/div><div class=\"gallery-row\" style=\"width: 775px; height: 296px;\"><div class=\"gallery-group images-1\" style=\"width: 448px; height: 300px;\"><div class=\"tiled-gallery-item tiled-gallery-item-large\"><a href=\"http:\/\/www.ffhennersdorf.at\/WordPress\/2020\/10\/06\/neuwahlkommandantstellvertreter\/202010_kdtstv_8\/#main\"><img loading=\"lazy\" decoding=\"async\" data-attachment-id=\"11923\" data-orig-file=\"http:\/\/www.ffhennersdorf.at\/WordPress\/wp-content\/uploads\/2020\/10\/202010_kdtstv_8.jpg\" data-orig-size=\"6000,4000\" data-comments-opened=\"1\" data-image-meta=\"{&quot;aperture&quot;:&quot;3.5&quot;,&quot;credit&quot;:&quot;&quot;,&quot;camera&quot;:&quot;ILCE-7M3&quot;,&quot;caption&quot;:&quot;&quot;,&quot;created_timestamp&quot;:&quot;1602015962&quot;,&quot;copyright&quot;:&quot;&quot;,&quot;focal_length&quot;:&quot;30&quot;,&quot;iso&quot;:&quot;6400&quot;,&quot;shutter_speed&quot;:&quot;0.0125&quot;,&quot;title&quot;:&quot;&quot;,&quot;orientation&quot;:&quot;1&quot;}\" data-image-title=\"202010_kdtstv_(8)\" data-image-description=\"\" data-medium-file=\"http:\/\/www.ffhennersdorf.at\/WordPress\/wp-content\/uploads\/2020\/10\/202010_kdtstv_8-300x200.jpg\" data-large-file=\"http:\/\/www.ffhennersdorf.at\/WordPress\/wp-content\/uploads\/2020\/10\/202010_kdtstv_8-1024x683.jpg\" src=\"http:\/\/www.ffhennersdorf.at\/WordPress\/wp-content\/uploads\/2020\/10\/202010_kdtstv_8-444x296.jpg\" width=\"444\" height=\"296\" align=\"left\" title=\"202010_kdtstv_(8)\" \/><\/a><\/div><\/div><div class=\"gallery-group images-1\" style=\"width: 327px; height: 300px;\"><div class=\"tiled-gallery-item tiled-gallery-item-large\"><a href=\"http:\/\/www.ffhennersdorf.at\/WordPress\/2020\/10\/06\/neuwahlkommandantstellvertreter\/202010_kdtstv_6\/#main\"><img loading=\"lazy\" decoding=\"async\" data-attachment-id=\"11924\" data-orig-file=\"http:\/\/www.ffhennersdorf.at\/WordPress\/wp-content\/uploads\/2020\/10\/202010_kdtstv_6.jpg\" data-orig-size=\"4361,3988\" data-comments-opened=\"1\" data-image-meta=\"{&quot;aperture&quot;:&quot;4&quot;,&quot;credit&quot;:&quot;&quot;,&quot;camera&quot;:&quot;ILCE-7M3&quot;,&quot;caption&quot;:&quot;&quot;,&quot;created_timestamp&quot;:&quot;1602015725&quot;,&quot;copyright&quot;:&quot;&quot;,&quot;focal_length&quot;:&quot;37&quot;,&quot;iso&quot;:&quot;6400&quot;,&quot;shutter_speed&quot;:&quot;0.025&quot;,&quot;title&quot;:&quot;&quot;,&quot;orientation&quot;:&quot;1&quot;}\" data-image-title=\"202010_kdtstv_(6)\" data-image-description=\"\" data-medium-file=\"http:\/\/www.ffhennersdorf.at\/WordPress\/wp-content\/uploads\/2020\/10\/202010_kdtstv_6-300x274.jpg\" data-large-file=\"http:\/\/www.ffhennersdorf.at\/WordPress\/wp-content\/uploads\/2020\/10\/202010_kdtstv_6-1024x936.jpg\" src=\"http:\/\/www.ffhennersdorf.at\/WordPress\/wp-content\/uploads\/2020\/10\/202010_kdtstv_6-323x296.jpg\" width=\"323\" height=\"296\" align=\"left\" title=\"202010_kdtstv_(6)\" \/><\/a><\/div><\/div><\/div><\/div>\n","protected":false},"excerpt":{"rendered":"<p>Nachdem die Funktion des Kommandant-Stellvertreters aufgrund des R\u00fccktritts der bisherigen Inhaberin vakant geworden war, musste die Freiwillige Feuerwehr Hennersdorf eine Neuwahl durchf\u00fchren, die am 6. Oktober 2020 stattfand. Unter Einhaltung <a class=\"more-link\" href=\"http:\/\/www.ffhennersdorf.at\/WordPress\/2020\/10\/06\/neuwahlkommandantstellvertreter\/\">Weiterlesen&#8230;<\/a><\/p>\n","protected":false},"author":4,"featured_media":11918,"comment_status":"open","ping_status":"open","sticky":false,"template":"","format":"standard","meta":{"sfsi_plus_gutenberg_text_before_share":"","sfsi_plus_gutenberg_show_text_before_share":"","sfsi_plus_gutenberg_icon_type":"","sfsi_plus_gutenberg_icon_alignemt":"","sfsi_plus_gutenburg_max_per_row":"","footnotes":""},"categories":[125],"tags":[],"amp_enabled":true,"_links":{"self":[{"href":"http:\/\/www.ffhennersdorf.at\/WordPress\/wp-json\/wp\/v2\/posts\/11916"}],"collection":[{"href":"http:\/\/www.ffhennersdorf.at\/WordPress\/wp-json\/wp\/v2\/posts"}],"about":[{"href":"http:\/\/www.ffhennersdorf.at\/WordPress\/wp-json\/wp\/v2\/types\/post"}],"author":[{"embeddable":true,"href":"http:\/\/www.ffhennersdorf.at\/WordPress\/wp-json\/wp\/v2\/users\/4"}],"replies":[{"embeddable":true,"href":"http:\/\/www.ffhennersdorf.at\/WordPress\/wp-json\/wp\/v2\/comments?post=11916"}],"version-history":[{"count":2,"href":"http:\/\/www.ffhennersdorf.at\/WordPress\/wp-json\/wp\/v2\/posts\/11916\/revisions"}],"predecessor-version":[{"id":11926,"href":"http:\/\/www.ffhennersdorf.at\/WordPress\/wp-json\/wp\/v2\/posts\/11916\/revisions\/11926"}],"wp:featuredmedia":[{"embeddable":true,"href":"http:\/\/www.ffhennersdorf.at\/WordPress\/wp-json\/wp\/v2\/media\/11918"}],"wp:attachment":[{"href":"http:\/\/www.ffhennersdorf.at\/WordPress\/wp-json\/wp\/v2\/media?parent=11916"}],"wp:term":[{"taxonomy":"category","embeddable":true,"href":"http:\/\/www.ffhennersdorf.at\/WordPress\/wp-json\/wp\/v2\/categories?post=11916"},{"taxonomy":"post_tag","embeddable":true,"href":"http:\/\/www.ffhennersdorf.at\/WordPress\/wp-json\/wp\/v2\/tags?post=11916"}],"curies":[{"name":"wp","href":"https:\/\/api.w.org\/{rel}","templated":true}]}}